
{"id":1892,"date":"2011-02-26T10:38:57","date_gmt":"2011-02-26T09:38:57","guid":{"rendered":"http:\/\/blog.tjutil.com\/index.php\/2011\/02\/himmler-la-sonrisa-cinica-del-horror-nazi\/"},"modified":"2011-02-26T10:38:57","modified_gmt":"2011-02-26T09:38:57","slug":"himmler-la-sonrisa-cinica-del-horror-nazi","status":"publish","type":"post","link":"https:\/\/blog.tjutil.com\/index.php\/himmler-la-sonrisa-cinica-del-horror-nazi\/","title":{"rendered":"HIMMLER, LA SONRISA CINICA DEL HORROR NAZI"},"content":{"rendered":"<p>Buenos Aires, 24 de febrero (T\u00e9lam, por Alberto Galeano).- Cuando fue detenido por las tropas brit\u00e1nicas, el jerarca nazi Heinrich Himmler ya no ten\u00eda aquella media sonrisa sarc\u00e1stica con la que se hab\u00eda convertido en uno de los principales responsables del Holocausto. <br \/>Dos d\u00edas m\u00e1s tarde, el 23 de mayo de 1945, el jefe de la Gestapo (polic\u00eda secreta) se puso en la boca una c\u00e1psula de cianuro antes de ser revisado por un doctor brit\u00e1nico, quien not\u00f3 un objeto extra\u00f1o en sus molares pero no pudo evitar su muerte. <br \/>La fotograf\u00eda posterior a su suicidio sali\u00f3 a la luz ahora en Londres y ser\u00e1 subastada el pr\u00f3ximo 29 de marzo en Bristol, Inglaterra, por la casa Dreweatt. <br \/>Himmler se hab\u00eda afeitado el bigote, puesto un parche en uno de sus ojos y presentado documentos falsos que no le sirvieron de nada para ocultar su verdadera identidad y huir de las fuerzas aliadas que hab\u00edan ocupado Berl\u00edn. <br \/>Pero, a pesar de sus artima\u00f1as, los brit\u00e1nicos se dieron cuenta de que estaban en presencia del jefe de las poderosas SS, el cuerpo de elite que hab\u00eda jurado fidelidad a Adolfo Hitler, en momentos que se viv\u00edan los \u00faltimos d\u00edas de la Segunda Guerra Mundial. <br \/>La foto, tomada por el cabo Guy Adderley, muestra a un hombre calvo, con los anteojos colocados y las manos sobre el abdomen, luego de ser capturado cerca de Bremen. <br \/>El director para Am\u00e9rica latina del Centro Wiesenthal, Sergio Widder, dijo a T\u00e9lam que Himmler como comandante de las SS estaba a cargo de la liquidaci\u00f3n de los jud\u00edos, as\u00ed como de controlar todos los campos de concentraci\u00f3n del nazismo (Auschwitz, Mauthausen, Majdanek, Treblinka, entre otros)\u201d. <br \/>\u201cEra un nazi muy convencido. Se encarg\u00f3 de investigar el frustrado atentado a Hitler, perpetrado por el conde Claus von Stauffenberg. Su suicido tuvo que ver con la ca\u00edda del Reich. Los jerarcas nazis sab\u00edan que el mundo les iba a reclamar por lo que hab\u00edan hecho\u201d, dijo Widder. <br \/>Nacido el 7 de octubre de 1900 en M\u00fanich, Himmler fue una de las personas m\u00e1s comprometidas con la pol\u00edtica genocida nazi, ya que desde el principio fue un hombre muy cercano a Hitler. <br \/>En 1929, fue nombrado Reichf\u00fchrer des Schutz-Staffel (SS), la elite de guardaespaldas de Hitler, con el fin de expandir la acci\u00f3n de esa organizaci\u00f3n que pas\u00f3 de tener 300 miembros a unos 50.000 en s\u00f3lo tres a\u00f1os. <br \/>En 1934, Himmler es designado jefe de la Gestapo, con la cual planea la \u201cNoche de los cuchillos largos\u201d en la que son asesinados los principales l\u00edderes de la SA (una organizaci\u00f3n auxiliar del Partido Nacionalsocialista), lo que da mayor poder a las SS que se hacen cargo de la seguridad, inteligencia y espionaje nazi. <br \/>\u201cEra el jefe de las organizaciones m\u00e1s sanguinarias de las SS, un grupo integrado por gente de raza aria que ten\u00eda la obligaci\u00f3n de prestar juramento de lealtad a Hitler hasta dar la vida por \u00e9l\u201d, dijo a T\u00e9lam el historiador Abraham Zilberman, asesor del Museo del Holocausto de Buenos Aires. <br \/>\u201cHimmler tuvo una de las responsabilidades mayores de extermino de poblaciones enteras, formadas por jud\u00edos, testigos de Jehov\u00e1, gitanos, sacerdotes cat\u00f3licos; todo aquel que no gustaba a los nazis ca\u00eda en poder de esta gente y era deportado hacia los campos de exterminio supervisados por la SS\u201d, se\u00f1al\u00f3. <br \/>Tambi\u00e9n Zilberman record\u00f3 que \u00abera una organizaci\u00f3n que hac\u00eda excelentes negocios con empresas alemanas, tales como Siemens, Bayer, que utilizaban a los prisioneros como manos de obra o como conejillos de indias para sus experimentos m\u00e9dicos\u00bb. <br \/>\u201cTodo lo manejaba Himmler\u201d, agreg\u00f3. <br \/>A fines de 1944 y principio de 1945, Himmler trat\u00f3 de negociar la rendici\u00f3n alemana con las fuerzas aliadas, por lo que fue acusado de \u201ctraidor\u201d por Hitler en los d\u00edas previos a la ca\u00edda de Berl\u00edn. <br \/>\u201cEl jefe de la Gestapo fue capturado y se suicid\u00f3. No hizo frente a los compromisos que hab\u00eda asumido como nazi, jurando lealtad\u201d, se\u00f1al\u00f3 Zilberman. <br \/>En cuanto a la personalidad de Himmler, el historiador se\u00f1al\u00f3 que era una persona com\u00fan, con una vida familiar que participaba de la sociedad nazi. <br \/>\u201cEs muy poco lo que se sabe de su vida privada: era granjero, criaba gallinas antes de incorporarse al nazismo, y ten\u00eda t\u00edtulo de veterinario. Era un personaje que estaba en primera fila. No hay demasiados documentos que lleven su firma. Se lo conoc\u00eda m\u00e1s por su t\u00edtulo -jefe de las SS- que por su nombre\u201d, se\u00f1al\u00f3. <br \/>Himmler era un hombre fuerte con una mente fr\u00eda y anal\u00edtica, met\u00f3dico y exacto en sus trabajos, seg\u00fan escribi\u00f3 en 1939 el historiador Philip St.C. Walton-Kerr. <br \/>\u201cEn apariencia es oscuro, con una cara y unos ojos sin expresi\u00f3n, una media sonrisa c\u00ednica -del tipo que merece la palabra sard\u00f3nico-. No entra en acci\u00f3n hasta que ha examinado y decidido sobre su programa hasta el \u00faltimo detalle\u2026\u201d, afirma. <br \/>El hombre que coordin\u00f3 la matanza de unos seis millones de jud\u00edos, as\u00ed como de entre 200.000 y 500.000 gitanos, homosexuales, testigos de Jehov\u00e1 y comunistas, fue enterrado en una tumba sin nombre cercana a un bosque de L\u00fcneburg, en Alemania. (T\u00e9lam).-  <\/p>\n<p>FUENTE: <a title=\"http:\/\/www.elcomercial.com.ar\/index.php?option=com_telam&amp;view=deauno&amp;idnota=28841&amp;Itemid=116\" href=\"http:\/\/www.elcomercial.com.ar\/index.php?option=com_telam&amp;view=deauno&amp;idnota=28841&amp;Itemid=116\">http:\/\/www.elcomercial.com.ar<\/a><\/p>\n","protected":false},"excerpt":{"rendered":"<p>Buenos Aires, 24 de febrero (T\u00e9lam, por Alberto Galeano).- Cuando fue detenido por las tropas brit\u00e1nicas, el jerarca nazi Heinrich Himmler ya no ten\u00eda aquella media sonrisa sarc\u00e1stica con la que se hab\u00eda convertido en uno de los principales responsables del Holocausto. Dos d\u00edas m\u00e1s tarde, el 23 de mayo de 1945, el jefe de &hellip; <a href=\"https:\/\/blog.tjutil.com\/index.php\/himmler-la-sonrisa-cinica-del-horror-nazi\/\" class=\"more-link\">Seguir leyendo <span class=\"screen-reader-text\">HIMMLER, LA SONRISA CINICA DEL HORROR NAZI<\/span> <span class=\"meta-nav\">&rarr;<\/span><\/a><\/p>\n","protected":false},"author":1,"featured_media":0,"comment_status":"open","ping_status":"closed","sticky":false,"template":"","format":"standard","meta":{"footnotes":""},"categories":[8],"tags":[],"class_list":["post-1892","post","type-post","status-publish","format-standard","hentry","category-observando-el-mundo"],"_links":{"self":[{"href":"https:\/\/blog.tjutil.com\/index.php\/wp-json\/wp\/v2\/posts\/1892","targetHints":{"allow":["GET"]}}],"collection":[{"href":"https:\/\/blog.tjutil.com\/index.php\/wp-json\/wp\/v2\/posts"}],"about":[{"href":"https:\/\/blog.tjutil.com\/index.php\/wp-json\/wp\/v2\/types\/post"}],"author":[{"embeddable":true,"href":"https:\/\/blog.tjutil.com\/index.php\/wp-json\/wp\/v2\/users\/1"}],"replies":[{"embeddable":true,"href":"https:\/\/blog.tjutil.com\/index.php\/wp-json\/wp\/v2\/comments?post=1892"}],"version-history":[{"count":0,"href":"https:\/\/blog.tjutil.com\/index.php\/wp-json\/wp\/v2\/posts\/1892\/revisions"}],"wp:attachment":[{"href":"https:\/\/blog.tjutil.com\/index.php\/wp-json\/wp\/v2\/media?parent=1892"}],"wp:term":[{"taxonomy":"category","embeddable":true,"href":"https:\/\/blog.tjutil.com\/index.php\/wp-json\/wp\/v2\/categories?post=1892"},{"taxonomy":"post_tag","embeddable":true,"href":"https:\/\/blog.tjutil.com\/index.php\/wp-json\/wp\/v2\/tags?post=1892"}],"curies":[{"name":"wp","href":"https:\/\/api.w.org\/{rel}","templated":true}]}}