
{"id":2090,"date":"2011-06-17T19:36:00","date_gmt":"2011-06-17T18:36:00","guid":{"rendered":"http:\/\/blog.tjutil.com\/index.php\/2011\/06\/los-mdicos-piden-reforzar-las-ltimas-voluntades-del-paciente\/"},"modified":"2011-06-17T19:36:00","modified_gmt":"2011-06-17T18:36:00","slug":"los-mdicos-piden-reforzar-las-ltimas-voluntades-del-paciente","status":"publish","type":"post","link":"https:\/\/blog.tjutil.com\/index.php\/los-mdicos-piden-reforzar-las-ltimas-voluntades-del-paciente\/","title":{"rendered":"Los m\u00e9dicos piden reforzar las \u00faltimas voluntades del paciente"},"content":{"rendered":"<h3>&nbsp;<\/h3>\n<h5>La Organizaci\u00f3n M\u00e9dica pretende evitar conflictos profesionales<\/h5>\n<ul>\n<li> <a href=\"http:\/\/www.cincodias.com\/recorte.php\/20110615cdscdieco_4\/XLCOH635\/Ies\/medicos_piden_reforzar_ultimas_voluntades_paciente.jpg\"><img decoding=\"async\" alt=\"Juan Jos&eacute; Rodr&iacute;guez Send&iacute;n, presidente del CGCOM, y el catedr&aacute;tico Diego Gracia.\" src=\"http:\/\/www.cincodias.com\/recorte.php\/20110615cdscdieco_4\/XLCOV467\/Ies\/medicos_piden_reforzar_ultimas_voluntades_paciente.jpg\"\/><\/a><\/li>\n<\/ul>\n<p><strong>Juan Jos\u00e9 Rodr\u00edguez Send\u00edn, presidente del CGCOM, y el catedr\u00e1tico Diego Gracia.<\/strong>. Los m\u00e9dicos piden reforzar las \u00faltimas voluntades del paciente &#8211; CINCO D\u00cdAS <\/p>\n<p>Los representantes de la medicina en Espa\u00f1a aseguraron ayer que el proyecto de la ley reguladora de los derechos de la persona ante el proceso final de la vida, que el pasado viernes aprob\u00f3 el Consejo de Ministros, \u00abera necesario\u00bb. El presidente del Consejo General de los Colegios de M\u00e9dicos en Espa\u00f1a (CGCOM), Juan Jos\u00e9 Rodr\u00edguez Send\u00edn, se\u00f1al\u00f3 que \u00abse debe buscar la mejor f\u00f3rmula cuando no exista un protocolo\u00bb y asegur\u00f3 que desde esta organizaci\u00f3n \u00abse quieren hacer las cosas bien\u00bb. <\/p>\n<p>En este sentido, la Organizaci\u00f3n M\u00e9dica Colegial considera necesario reforzar las voluntades anticipadas para evitar conflictos entre los profesionales. Diego Gracia, catedr\u00e1tico de Historia de la Medicina de la UCM y presidente de la Fundaci\u00f3n de Ciencias de la Salud que ha elaborado la gu\u00eda \u00c9tica de la planificaci\u00f3n de la asistencia m\u00e9dica, abog\u00f3 por a\u00f1adir a este protocolo los valores morales del paciente.<!--more--><\/p>\n<p>Soluciones prudentes <\/p>\n<p>\u00abDe lo que se trata es de identificar los conflictos de valores que se dan en ese \u00e1mbito y el modo de resolverlos, buscando las soluciones m\u00e1s razonables y prudentes\u00bb, apreci\u00f3 el catedr\u00e1tico. Para ello, introdujo el m\u00e9todo con tres pasos: \u00abEl primero ser\u00eda aclarar bien los hechos. Hay que definir cu\u00e1ndo un enfermo es terminal y cu\u00e1ndo no, por ejemplo\u00bb. Luego se\u00f1al\u00f3 la necesidad de analizar los valores morales de los pacientes y los conflictos de valores e incorporar estos en las voluntades anticipadas. <\/p>\n<p>Desde su punto de vista, la \u00abhistoria de los valores\u00bb se tratar\u00eda de otro documento en el que el paciente expresara sus preferencias en materia de salud, con el objetivo de \u00aborientar el proceso en la toma de decisiones, eliminar posibles conflictos y disminuir la incertidumbre y ansiedad entre aquellos que asumen esa tarea\u00bb, ha especificado Rodr\u00edguez Send\u00edn. El presidente de los m\u00e9dicos espa\u00f1oles, adem\u00e1s, considera que \u00e9sta \u00abdebe actualizarse peri\u00f3dicamente\u00bb. <\/p>\n<p>Finalmente, tanto el presidente de los m\u00e9dicos como el catedr\u00e1tico hicieron hincapi\u00e9 en el deber de los profesionales. Para explicarlo, Diego Gracia utiliz\u00f3 una par\u00e1bola sobre el adelantamiento de un camino. \u00abPuede que quien realice el adelantamiento sea muy prudente y aun as\u00ed, se mate o, por el contrario, que sea un imprudente y salga ileso, pero mi deber no es no matarme, sino ser prudente\u00bb, aclar\u00f3. Desde su punto de vista, \u00abno se trata de promover el consenso sino la prudencia\u00bb. <\/p>\n<p>La Organizaci\u00f3n M\u00e9dica Colegial considera \u00abesencial\u00bb la figura del representante, que a partir de ahora sustituir\u00e1 a las decisiones que tradicionalmente ten\u00edan que adoptar los profesionales sanitarios cuando un paciente no se hallaba en capacitado para ello. Los m\u00e9dicos solo exigen que \u00abantes de que la decisi\u00f3n sea tomada por un representante se deber\u00eda comprobar lo que el paciente ha previsto y en qu\u00e9 circunstancias\u00bb, aclar\u00f3 Rodr\u00edguez Send\u00edn. <\/p>\n<p>Tampoco consideran que el pariente m\u00e1s cercano sea el que tenga que adoptar la decisi\u00f3n y por ello, vuelven a insistir en la necesidad de establecer con mayor precisi\u00f3n y rigurosidad las \u00faltimas voluntades. <\/p>\n<p><a name=\"despiece1\"><\/a> <\/p>\n<h5>La voz del enfermo sobre la del facultativo<\/h5>\n<\/p>\n<p>La nueva ley establece que las personas que se encuentren en estado terminal o de agon\u00eda tendr\u00e1n garantizados el derecho a que se respete su voluntad sobre los tratamientos que tengan que recibir en el final de su vida, pero para ello los m\u00e9dicos consideran imprescindible que se detallen al m\u00e1ximo los pormenores. <\/p>\n<p>En el documento de voluntades anticipadas, en el que el paciente expresa su voluntad en relaci\u00f3n a los cuidados y tratamientos, los m\u00e9dicos reclaman detallar cada uno de los supuestos. \u00abHay que describir los tratamientos en caso de necesitar intentar la resucitaci\u00f3n, medidas de sedaci\u00f3n y analgesia, aceptaci\u00f3n o rechazo de transfusiones sangu\u00edneas (especialmente para los testigos de Jehov\u00e1), donaci\u00f3n de \u00f3rganos o tejidos, destino del cuerpo o uso de material reproductivo\u00bb, a\u00f1aden. <\/p>\n<p>FUENTE: <a title=\"http:\/\/www.cincodias.com\/articulo\/economia\/medicos-piden-reforzar-ultimas-voluntades-paciente\/20110615cdscdieco_15\/\" href=\"http:\/\/www.cincodias.com\/articulo\/economia\/medicos-piden-reforzar-ultimas-voluntades-paciente\/20110615cdscdieco_15\/\">http:\/\/www.cincodias.com<\/a><\/p>\n","protected":false},"excerpt":{"rendered":"<p>&nbsp; La Organizaci\u00f3n M\u00e9dica pretende evitar conflictos profesionales Juan Jos\u00e9 Rodr\u00edguez Send\u00edn, presidente del CGCOM, y el catedr\u00e1tico Diego Gracia.. Los m\u00e9dicos piden reforzar las \u00faltimas voluntades del paciente &#8211; CINCO D\u00cdAS Los representantes de la medicina en Espa\u00f1a aseguraron ayer que el proyecto de la ley reguladora de los derechos de la persona ante &hellip; <a href=\"https:\/\/blog.tjutil.com\/index.php\/los-mdicos-piden-reforzar-las-ltimas-voluntades-del-paciente\/\" class=\"more-link\">Seguir leyendo <span class=\"screen-reader-text\">Los m\u00e9dicos piden reforzar las \u00faltimas voluntades del paciente<\/span> <span class=\"meta-nav\">&rarr;<\/span><\/a><\/p>\n","protected":false},"author":1,"featured_media":0,"comment_status":"open","ping_status":"closed","sticky":false,"template":"","format":"standard","meta":{"footnotes":""},"categories":[8],"tags":[],"class_list":["post-2090","post","type-post","status-publish","format-standard","hentry","category-observando-el-mundo"],"_links":{"self":[{"href":"https:\/\/blog.tjutil.com\/index.php\/wp-json\/wp\/v2\/posts\/2090","targetHints":{"allow":["GET"]}}],"collection":[{"href":"https:\/\/blog.tjutil.com\/index.php\/wp-json\/wp\/v2\/posts"}],"about":[{"href":"https:\/\/blog.tjutil.com\/index.php\/wp-json\/wp\/v2\/types\/post"}],"author":[{"embeddable":true,"href":"https:\/\/blog.tjutil.com\/index.php\/wp-json\/wp\/v2\/users\/1"}],"replies":[{"embeddable":true,"href":"https:\/\/blog.tjutil.com\/index.php\/wp-json\/wp\/v2\/comments?post=2090"}],"version-history":[{"count":0,"href":"https:\/\/blog.tjutil.com\/index.php\/wp-json\/wp\/v2\/posts\/2090\/revisions"}],"wp:attachment":[{"href":"https:\/\/blog.tjutil.com\/index.php\/wp-json\/wp\/v2\/media?parent=2090"}],"wp:term":[{"taxonomy":"category","embeddable":true,"href":"https:\/\/blog.tjutil.com\/index.php\/wp-json\/wp\/v2\/categories?post=2090"},{"taxonomy":"post_tag","embeddable":true,"href":"https:\/\/blog.tjutil.com\/index.php\/wp-json\/wp\/v2\/tags?post=2090"}],"curies":[{"name":"wp","href":"https:\/\/api.w.org\/{rel}","templated":true}]}}