
{"id":6739,"date":"2016-09-13T16:04:17","date_gmt":"2016-09-13T15:04:17","guid":{"rendered":"http:\/\/blog.tjutil.com\/?p=6739"},"modified":"2016-09-12T16:06:45","modified_gmt":"2016-09-12T15:06:45","slug":"testigos-de-jehova-preparan-asamblea-anual","status":"publish","type":"post","link":"https:\/\/blog.tjutil.com\/index.php\/testigos-de-jehova-preparan-asamblea-anual\/","title":{"rendered":"Testigos de Jehov\u00e1 preparan asamblea anual"},"content":{"rendered":"<p><a href=\"http:\/\/www.chacoonline.com.ar\/index.php?option=com_content&amp;view=article&amp;id=24575:testigos-de-jehova-preparan-asamblea-anual-&amp;catid=78:provincia&amp;Itemid=421\">FUENTE: http:\/\/www.chacoonline.com.ar\/ <\/a><\/p>\n<p>Los Testigos de Jehov\u00e1 realizar\u00e1n su asamblea anual en el Centro de Convenciones y Exposiciones Gala, entre el viernes 23 y domingo 25. Durante estos tres d\u00edas tienen previsto abordar 49 partes bajo la tem\u00e1tica general de la lealtad.<\/p>\n<p>En pocas semanas, los<strong> Testigos de Jehov\u00e1<\/strong>celebrar\u00e1n su asamblea anual en el <strong>Centro de Convenciones y Exposiciones Gala<\/strong>, ubicada en Fray Bertaca 1750, e invitan a asistir a todo el que lo desee. El t\u00edtulo de la asamblea de este a\u00f1o es \u201cSeamos leales a Jehov\u00e1\u201d.<\/p>\n<p><strong><!--more-->Daniel S\u00e1nchez, portavoz de la asamblea<\/strong>, comenta: \u201cEl programa de tres d\u00edas consta de 49 partes, que tratar\u00e1n sobre la lealtad. Adem\u00e1s, se han preparado 35 videos exclusivamente para esta asamblea y dos pel\u00edculas, que se proyectar\u00e1n una el s\u00e1bado y otra el domingo. As\u00ed tambi\u00e9n, las sesiones de la ma\u00f1ana y la tarde empezar\u00e1n todos los d\u00edas con nuevos videos musicales\u201d.<br \/>\nPor su parte, <strong>Fabi\u00e1n Aignasse, representante de prensa<\/strong>, acot\u00f3: \u201cCreemos firmemente que la lealtad es esencial en cualquier relaci\u00f3n. La asamblea regional de este a\u00f1o ayudar\u00e1 a las personas a estar m\u00e1s unidas a sus amigos, a sus familiares y, sobre todo, a Dios. Estamos seguros de que el programa beneficiar\u00e1 enormemente a quienes asistan. Un aspecto destacado del viernes ser\u00e1 la serie de discursos Seamos leales como lo fue Jes\u00fas. Mediante discursos y videos breves, se resaltar\u00e1 su ejemplo perfecto de lealtad.<br \/>\nCAMPA\u00d1A DE INVITACI\u00d3N<\/p>\n<p>partir de este fin de semana y durante las pr\u00f3ximas tres semanas, los <strong>Testigos de Jehov\u00e1<\/strong> invitar\u00e1n personalmente a todos los residentes de Chaco, Corrientes y algunas localidades del norte de Santa Fe. Las congregaciones de los Testigos de Jehov\u00e1 de la zona participar\u00e1n en distribuir al p\u00fablico invitaciones impresas.<br \/>\nEsta convenci\u00f3n de tres d\u00edas tendr\u00e1 lugar en Resistencia comenzando el pr\u00f3ximo viernes 23 de septiembre, a las 9.20. Se calcula que un promedio de 2.800 personas acudir\u00e1 al Centro de Convenciones Gala para asistir a estas jornadas de ense\u00f1anza b\u00edblica. La entrada ser\u00e1 libre y gratuita, pues estas asambleas se sufragan enteramente con donaciones voluntarias.<\/p>\n<p>&nbsp;<\/p>\n","protected":false},"excerpt":{"rendered":"<p>FUENTE: http:\/\/www.chacoonline.com.ar\/ Los Testigos de Jehov\u00e1 realizar\u00e1n su asamblea anual en el Centro de Convenciones y Exposiciones Gala, entre el viernes 23 y domingo 25. Durante estos tres d\u00edas tienen previsto abordar 49 partes bajo la tem\u00e1tica general de la lealtad. En pocas semanas, los Testigos de Jehov\u00e1celebrar\u00e1n su asamblea anual en el Centro de &hellip; <a href=\"https:\/\/blog.tjutil.com\/index.php\/testigos-de-jehova-preparan-asamblea-anual\/\" class=\"more-link\">Seguir leyendo <span class=\"screen-reader-text\">Testigos de Jehov\u00e1 preparan asamblea anual<\/span> <span class=\"meta-nav\">&rarr;<\/span><\/a><\/p>\n","protected":false},"author":1,"featured_media":0,"comment_status":"open","ping_status":"closed","sticky":false,"template":"","format":"standard","meta":{"footnotes":""},"categories":[47,8],"tags":[],"class_list":["post-6739","post","type-post","status-publish","format-standard","hentry","category-asambleas","category-observando-el-mundo"],"_links":{"self":[{"href":"https:\/\/blog.tjutil.com\/index.php\/wp-json\/wp\/v2\/posts\/6739","targetHints":{"allow":["GET"]}}],"collection":[{"href":"https:\/\/blog.tjutil.com\/index.php\/wp-json\/wp\/v2\/posts"}],"about":[{"href":"https:\/\/blog.tjutil.com\/index.php\/wp-json\/wp\/v2\/types\/post"}],"author":[{"embeddable":true,"href":"https:\/\/blog.tjutil.com\/index.php\/wp-json\/wp\/v2\/users\/1"}],"replies":[{"embeddable":true,"href":"https:\/\/blog.tjutil.com\/index.php\/wp-json\/wp\/v2\/comments?post=6739"}],"version-history":[{"count":0,"href":"https:\/\/blog.tjutil.com\/index.php\/wp-json\/wp\/v2\/posts\/6739\/revisions"}],"wp:attachment":[{"href":"https:\/\/blog.tjutil.com\/index.php\/wp-json\/wp\/v2\/media?parent=6739"}],"wp:term":[{"taxonomy":"category","embeddable":true,"href":"https:\/\/blog.tjutil.com\/index.php\/wp-json\/wp\/v2\/categories?post=6739"},{"taxonomy":"post_tag","embeddable":true,"href":"https:\/\/blog.tjutil.com\/index.php\/wp-json\/wp\/v2\/tags?post=6739"}],"curies":[{"name":"wp","href":"https:\/\/api.w.org\/{rel}","templated":true}]}}