
{"id":857,"date":"2010-05-31T06:57:00","date_gmt":"2010-05-31T05:57:00","guid":{"rendered":"http:\/\/blog.tjutil.com\/index.php\/2010\/02\/cortar-la-soga\/"},"modified":"2010-05-31T06:57:00","modified_gmt":"2010-05-31T05:57:00","slug":"cortar-la-soga","status":"publish","type":"post","link":"https:\/\/blog.tjutil.com\/index.php\/cortar-la-soga\/","title":{"rendered":"Cortar la soga"},"content":{"rendered":"<p>Cuentan que un alpinista, desesperado por conquistar el Aconcagua, inici\u00f3 su traves\u00eda, despu\u00e9s de a\u00f1os de preparaci\u00f3n, pero quer\u00eda la gloria para \u00e9l solo, por lo tanto subi\u00f3 sin compa\u00f1eros.<\/p>\n<p>Empez\u00f3 a subir y se le fue haciendo tarde, y m\u00e1s tarde, y no se prepar\u00f3 para acampar, sino que decidi\u00f3 seguir subiendo decidido a llegar a la cima. Le oscureci\u00f3, la noche cay\u00f3 con gran pesadez en la altura de la monta\u00f1a, ya no se pod\u00eda ver absolutamente nada. Todo era negro, cero visibilidad, no hab\u00eda luna y las estrellas estaban cubiertas por las nubes. <\/p>\n<p>Subiendo por un acantilado, a s\u00f3lo 100 metros de la cima, se resbal\u00f3 y se desplom\u00f3 por los aires&#8230; ca\u00eda a una velocidad vertiginosa, s\u00f3lo pod\u00eda ver veloces manchas cada vez m\u00e1s oscuras que pasaban en la misma oscuridad y la terrible sensaci\u00f3n de ser succionado por la gravedad.<\/p>\n<p>Segu\u00eda cayendo&#8230; y en esos angustiantes momentos, pasaron por su mente todos sus gratos y no tan gratos momentos de la vida, pensaba que iba a morir. Sin embargo, de repente sinti\u00f3 un tir\u00f3n tan fuerte que casi lo parte en dos&#8230; \u00a1S\u00ed!, Como todo alpinista experimentado, hab\u00eda clavado estacas de seguridad con andados a una largu\u00edsima soga que lo amarraba de la cintura.<\/p>\n<p>En esos momentos de quietud, suspendido por los aires, no le qued\u00f3 m\u00e1s que gritar:<\/p>\n<p>&quot;AY\u00daDAME DIOS MIO&#8230;&quot;<\/p>\n<p>De repente una voz grave y profunda de los cielos le contest\u00f3:<\/p>\n<p>&quot;\u00bfQUE QUIERES QUE HAGA HIJO MIO?&quot;<\/p>\n<p>&#160;&#160;&#160;&#160; &quot;S\u00e1lvame Dios m\u00edo&quot;<\/p>\n<p>&quot;\u00bfREALMENTE CREES QUE TE PUEDA SALVAR?&quot;<\/p>\n<p>&#160;&#160;&#160;&#160; &quot;Por supuesto, Se\u00f1or&quot;<\/p>\n<p>&quot;ENTONCES CORTA LA CUERDA QUE TE SOSTIENE&#8230;&quot;<\/p>\n<p>Hubo un momento de silencio y quietud. El hombre se aferr\u00f3 m\u00e1s a la cuerda y reflexion\u00f3&#8230;<\/p>\n<p>Reporta el equipo de rescate que al otro d\u00eda encontraron colgado a un alpinista congelado, muerto, agarrado con fuerza, con las manos a una cuerda&#8230; a tan s\u00f3lo 12 cent\u00edmetros del suelo&#8230;<\/p>\n<p>-Y t\u00fa? \u00bfQu\u00e9 tan confiado estas de tu cuerda&#8230; ?<\/p>\n<p>-\u00bfPor qu\u00e9 no la sueltas?<\/p>\n<p>-\u00bfQu\u00e9 tanto conf\u00edas en Dios?<\/p>\n<p>Que tal soltar la cuerda un poco, a ver que pasa?<\/p>\n","protected":false},"excerpt":{"rendered":"<p>Cuentan que un alpinista, desesperado por conquistar el Aconcagua, inici\u00f3 su traves\u00eda, despu\u00e9s de a\u00f1os de preparaci\u00f3n, pero quer\u00eda la gloria para \u00e9l solo, por lo tanto subi\u00f3 sin compa\u00f1eros. Empez\u00f3 a subir y se le fue haciendo tarde, y m\u00e1s tarde, y no se prepar\u00f3 para acampar, sino que decidi\u00f3 seguir subiendo decidido a &hellip; <a href=\"https:\/\/blog.tjutil.com\/index.php\/cortar-la-soga\/\" class=\"more-link\">Seguir leyendo <span class=\"screen-reader-text\">Cortar la soga<\/span> <span class=\"meta-nav\">&rarr;<\/span><\/a><\/p>\n","protected":false},"author":1,"featured_media":0,"comment_status":"open","ping_status":"closed","sticky":false,"template":"","format":"standard","meta":{"footnotes":""},"categories":[3],"tags":[],"class_list":["post-857","post","type-post","status-publish","format-standard","hentry","category-cuentos_y_fabulas"],"_links":{"self":[{"href":"https:\/\/blog.tjutil.com\/index.php\/wp-json\/wp\/v2\/posts\/857","targetHints":{"allow":["GET"]}}],"collection":[{"href":"https:\/\/blog.tjutil.com\/index.php\/wp-json\/wp\/v2\/posts"}],"about":[{"href":"https:\/\/blog.tjutil.com\/index.php\/wp-json\/wp\/v2\/types\/post"}],"author":[{"embeddable":true,"href":"https:\/\/blog.tjutil.com\/index.php\/wp-json\/wp\/v2\/users\/1"}],"replies":[{"embeddable":true,"href":"https:\/\/blog.tjutil.com\/index.php\/wp-json\/wp\/v2\/comments?post=857"}],"version-history":[{"count":0,"href":"https:\/\/blog.tjutil.com\/index.php\/wp-json\/wp\/v2\/posts\/857\/revisions"}],"wp:attachment":[{"href":"https:\/\/blog.tjutil.com\/index.php\/wp-json\/wp\/v2\/media?parent=857"}],"wp:term":[{"taxonomy":"category","embeddable":true,"href":"https:\/\/blog.tjutil.com\/index.php\/wp-json\/wp\/v2\/categories?post=857"},{"taxonomy":"post_tag","embeddable":true,"href":"https:\/\/blog.tjutil.com\/index.php\/wp-json\/wp\/v2\/tags?post=857"}],"curies":[{"name":"wp","href":"https:\/\/api.w.org\/{rel}","templated":true}]}}