
{"id":930,"date":"2010-07-19T07:00:00","date_gmt":"2010-07-19T06:00:00","guid":{"rendered":"http:\/\/blog.tjutil.com\/index.php\/2010\/04\/la-rosa-y-el-sapo\/"},"modified":"2010-07-19T07:00:00","modified_gmt":"2010-07-19T06:00:00","slug":"la-rosa-y-el-sapo","status":"publish","type":"post","link":"https:\/\/blog.tjutil.com\/index.php\/la-rosa-y-el-sapo\/","title":{"rendered":"La Rosa y el Sapo"},"content":{"rendered":"<p>Hab\u00eda una vez una rosa roja muy bella, se sent\u00eda de maravilla al saber que era la rosa m\u00e1s bella del jard\u00edn. Sin embargo, se daba cuenta de que la gente la ve\u00eda de lejos. Se dio cuenta de que al lado de ella siempre hab\u00eda un sapo grande y oscuro, y que era por eso que nadie se acercaba a verla de cerca. <\/p>\n<p>Indignada ante lo descubierto le orden\u00f3 al sapo que se fuera de inmediato; el sapo muy obediente dijo: &quot;Esta bien, si as\u00ed lo quieres&#8230;&quot; <\/p>\n<p>Poco tiempo despu\u00e9s el sapo pas\u00f3 por donde estaba la rosa y se sorprendi\u00f3 al ver la rosa totalmente marchita, sin hojas y sin p\u00e9talos. <\/p>\n<p>Le dijo entonces: &quot;Vaya que te ves mal. Qu\u00e9 te pas\u00f3?&quot; <\/p>\n<p>La rosa contesto: &quot;Es que desde que te fuiste las hormigas me han comido d\u00eda a d\u00eda, y nunca pude volver a ser igual.&quot; <\/p>\n<p>El sapo s\u00f3lo contest\u00f3: &quot;Pues claro, cuando yo estaba aqu\u00ed me com\u00eda a esas hormigas y por eso siempre eras la m\u00e1s bella del jard\u00edn.&quot;<\/p>\n<p>Moraleja:<\/p>\n<p>Muchas veces despreciamos a los dem\u00e1s por creer que somos m\u00e1s que ellos, m\u00e1s bellos o simplemente que no nos &quot;sirven&quot; para nada.<\/p>\n<p>Dios no hace a nadie para que sobre en este mundo. Todos tenemos algo que aprender de los dem\u00e1s o algo que ense\u00f1ar, y nadie debe despreciar a nadie, no vaya a ser que esa persona nos haga un bien del cual ni si quiera estemos conscientes.<\/p>\n","protected":false},"excerpt":{"rendered":"<p>Hab\u00eda una vez una rosa roja muy bella, se sent\u00eda de maravilla al saber que era la rosa m\u00e1s bella del jard\u00edn. Sin embargo, se daba cuenta de que la gente la ve\u00eda de lejos. Se dio cuenta de que al lado de ella siempre hab\u00eda un sapo grande y oscuro, y que era por &hellip; <a href=\"https:\/\/blog.tjutil.com\/index.php\/la-rosa-y-el-sapo\/\" class=\"more-link\">Seguir leyendo <span class=\"screen-reader-text\">La Rosa y el Sapo<\/span> <span class=\"meta-nav\">&rarr;<\/span><\/a><\/p>\n","protected":false},"author":1,"featured_media":0,"comment_status":"open","ping_status":"closed","sticky":false,"template":"","format":"standard","meta":{"footnotes":""},"categories":[3],"tags":[],"class_list":["post-930","post","type-post","status-publish","format-standard","hentry","category-cuentos_y_fabulas"],"_links":{"self":[{"href":"https:\/\/blog.tjutil.com\/index.php\/wp-json\/wp\/v2\/posts\/930","targetHints":{"allow":["GET"]}}],"collection":[{"href":"https:\/\/blog.tjutil.com\/index.php\/wp-json\/wp\/v2\/posts"}],"about":[{"href":"https:\/\/blog.tjutil.com\/index.php\/wp-json\/wp\/v2\/types\/post"}],"author":[{"embeddable":true,"href":"https:\/\/blog.tjutil.com\/index.php\/wp-json\/wp\/v2\/users\/1"}],"replies":[{"embeddable":true,"href":"https:\/\/blog.tjutil.com\/index.php\/wp-json\/wp\/v2\/comments?post=930"}],"version-history":[{"count":0,"href":"https:\/\/blog.tjutil.com\/index.php\/wp-json\/wp\/v2\/posts\/930\/revisions"}],"wp:attachment":[{"href":"https:\/\/blog.tjutil.com\/index.php\/wp-json\/wp\/v2\/media?parent=930"}],"wp:term":[{"taxonomy":"category","embeddable":true,"href":"https:\/\/blog.tjutil.com\/index.php\/wp-json\/wp\/v2\/categories?post=930"},{"taxonomy":"post_tag","embeddable":true,"href":"https:\/\/blog.tjutil.com\/index.php\/wp-json\/wp\/v2\/tags?post=930"}],"curies":[{"name":"wp","href":"https:\/\/api.w.org\/{rel}","templated":true}]}}